{"id":11049,"date":"2025-08-04T10:11:18","date_gmt":"2025-08-04T13:11:18","guid":{"rendered":"https:\/\/alternativanikkei.com\/?p=11049"},"modified":"2026-03-13T19:32:38","modified_gmt":"2026-03-13T22:32:38","slug":"necochea-y-kanazawa-dos-ciudades-unidas-por-un-jardin","status":"publish","type":"post","link":"https:\/\/alternativanikkei.com\/2026\/necochea-y-kanazawa-dos-ciudades-unidas-por-un-jardin\/","title":{"rendered":"Necochea y Kanazawa, dos ciudades unidas por un jard\u00edn"},"content":{"rendered":"<p>El Jard\u00edn Japon\u00e9s de Necochea, nace por la melancol\u00eda de un inmigrante que extra\u00f1aba su lejana tierra de origen. Los detalles y la historia de este emblem\u00e1tico espacio verde, cargado de importantes s\u00edmbolos de la cultura nipona.<\/p>\n<p>Adem\u00e1s de ser el principal pulm\u00f3n verde de Necochea, el Parque Miguel Lillo se caracteriza por la presencia mayoritaria de pinos entre su vegetaci\u00f3n. Esta plantaci\u00f3n, hoy cuestionada por muchos ambientalistas, se decidi\u00f3 con el fin de fijar los m\u00e9danos.<\/p>\n<p>Sin embargo, entra tanto pino y alguna planta nativa, se enclava en medio del parque un prolijo espacio con arboles tra\u00eddos del lejano oriente. Se trata del Jard\u00edn japones, un lugar que cada primavera se ti\u00f1e de flores blancas y ros\u00e1ceas, aportando diversidad al parque, adem\u00e1s de ser un punto habitual de encuentro las tardes de sol.<\/p>\n<p>Este emblem\u00e1tico lugar, tuvo su origen en la melancol\u00eda de un vecino de nuestra ciudad, Suneo Nakajima , pionero de la migraci\u00f3n desde Jap\u00f3n, quien extra\u00f1aba la Sakura. Es importante aclarar para quienes no est\u00e1n familiarizados con la cultura oriental, que la Sakura , o floraci\u00f3n de los cerezos japoneses, es un acontecimiento natural muy apreciado por la comunidad porque adelanta la llegada de la primavera y simboliza el renacer de la propia vida y de su belleza.<\/p>\n<p>Era la d\u00e9cada del 70, sin redes sociales o telefon\u00eda m\u00f3vil, por lo que Nakajima, le cont\u00f3 su situaci\u00f3n v\u00eda carta a un amigo de su infancia, Hideo Anada, que viv\u00eda en la otra parte del mundo, m\u00e1s precisamente en Kanazawa, Jap\u00f3n. En esta ciudad, ubicada a 19,280 kil\u00f3metros de Necochea, Anada trabajaba como profesor de la universidad. Al enterarse de la nostalgia de Nakajima, a su amigo docente se le ocurri\u00f3 la idea de enviar por barco 115 cerezos y 25 durazneros a Necochea.<\/p>\n<div style=\"width: 723px\" class=\"wp-caption aligncenter\"><img loading=\"lazy\" decoding=\"async\" src=\"https:\/\/diarionecochea.com\/wp-content\/uploads\/2025\/07\/kanazawa.jpg\" alt=\"\" width=\"713\" height=\"390\" \/><p class=\"wp-caption-text\">\u00a0 \u00a0 \u00a0 \u00a0 \u00a0 \u00a0 \u00a0 \u00a0 \u00a0 \u00a0 \u00a0 \u00a0 \u00a0 \u00a0 \u00a0 \u00a0 \u00a0 \u00a0 \u00a0 \u00a0 \u00a0 \u00a0 \u00a0 \u00a0 \u00a0 \u00a0 \u00a0 \u00a0 \u00a0 \u00a0 \u00a0 \u00a0 \u00a0 \u00a0 \u00a0 \u00a0 \u00a0 \u00a0Jard\u00edn de Kanazawa<\/p><\/div>\n<p>Esta donaci\u00f3n, coordinada en conjunto con las autoridades municipales de Necochea y Kanazawa, fue el punto de partida para la construcci\u00f3n del Jard\u00edn Japon\u00e9s y tambi\u00e9n para la relaci\u00f3n entre estas ciudades tan alejadas geogr\u00e1ficamente. La comunidad japonesa instalada en nuestra ciudad, fue trabajando en el dise\u00f1o del Jard\u00edn, que fue finalmente inaugurado de forma oficial el 12 de octubre de 1990.<\/p>\n<p>Ram\u00f3n Yamamoto, referente de la comunidad japonesa en Necochea y due\u00f1o de un importante vivero, dialog\u00f3 con este medio, contando algunos detalles sobre el jard\u00edn y la migraci\u00f3n nipona a nuestra regi\u00f3n. Al respecto explic\u00f3 por ejemplo que \u00abel municipio de Necochea envi\u00f3 unas semillas de arboles aut\u00f3ctonos a Kanazawa. Germinaron y crecieron, pero no se tiene informaci\u00f3n certera de si esos ejemplares contin\u00faan en Jap\u00f3n\u00bb.<\/p>\n<p>En cuanto a la migraci\u00f3n japonesa a Necochea, Yamamoto explic\u00f3 que \u00abnuestra colectividad tuvo su auge en la d\u00e9cada del 80, con familias que se dedicaban sobre todo a la tintorer\u00eda y a la apicultura. Nuestra familia fue la \u00fanica conformada por floricultores\u00bb . En los \u00faltimos a\u00f1os, los cambios culturales, alimenticios y tecnol\u00f3gicos afectaron a los rubros de la tintorer\u00eda y la apicultura, por lo que varias de las personas de la comunidad abandonaron Necochea.<\/p>\n<p>Seg\u00fan los c\u00e1lculos de Yamamoto, en el momento de apogeo hab\u00eda unas 20 familias de origen japones viviendo en Necochea, mientras que ahora quedan aproximadamente la mitad. Varios de los ni\u00f1os japoneses criados en nuestra ciudad, decidieron emigrar localidades m\u00e1s grandes, volver a Jap\u00f3n o probar suerte en Australia.<\/p>\n<p>En cuanto a los amigos que propiciaron este jard\u00edn , Yamamoto cont\u00f3 que lamentablemente Nakajima falleci\u00f3 antes de ver terminado este proyecto. Sin embargo, el profesor Anada si pudo darse el gusto de viajar desde Jap\u00f3n para la inauguraci\u00f3n oficial de 1990.<\/p>\n<p>Sobre la importancia del jard\u00edn para la comunidad japonesa, Yamamoto expres\u00f3 que \u00abes simb\u00f3licamente nuestro\u00bb. Entre las m\u00faltiples referencias a la cultura nipona , se encuentra por ejemplo el arco de bienvenida, denominado Torii, que funciona \u00abcomo portal de bienvenida, simbolizando un lugar sagrado, cultural y tradicional\u00bb.<\/p>\n<p>Por \u00faltimo, cabe recordar que hasta ma\u00f1ana 12 de julio, Yamamoto y varios viveros de la ciudad est\u00e1n impulsando la iniciativa \u00abNecochea Florece\u00bb, mediante la cual, un tercio de las ganancias obtenidas ser\u00e1n donadas al Hospital.<\/p>\n<p><strong>Por Sim\u00f3n Franco para <span style=\"color: #0000ff;\"><a style=\"color: #0000ff;\" href=\"https:\/\/diarionecochea.com\/\">Diario Necochea<\/a><\/span> | <span style=\"color: #0000ff;\"><a style=\"color: #0000ff;\" href=\"https:\/\/www.instagram.com\/diarionecochea\/\">IG: Diario Necochea<\/a><\/span><\/strong><br \/>\n<strong>Im\u00e1genes:<\/strong> Sim\u00f3n Franco para Diario Necochea<\/p>\n","protected":false},"excerpt":{"rendered":"<p>El Jard\u00edn Japon\u00e9s de Necochea, nace por la melancol\u00eda de un inmigrante que extra\u00f1aba su lejana tierra de origen. Los detalles y la historia de este emblem\u00e1tico espacio verde, cargado de importantes s\u00edmbolos de la cultura nipona. Adem\u00e1s de ser el principal pulm\u00f3n verde de Necochea, el Parque Miguel Lillo se caracteriza por la presencia [&hellip;]<\/p>\n","protected":false},"author":20,"featured_media":11050,"comment_status":"open","ping_status":"open","sticky":false,"template":"","format":"standard","meta":{"footnotes":""},"categories":[2],"tags":[195,881,883,66,351,882,880],"ppma_author":[963],"class_list":["post-11049","post","type-post","status-publish","format-standard","has-post-thumbnail","hentry","category-cultura-y-sociedad","tag-argentina","tag-costa-atlantica","tag-inmigracion","tag-japon","tag-jardin-japones","tag-kanazawa","tag-necochea"],"authors":[{"term_id":963,"user_id":20,"is_guest":0,"slug":"victoria-nakazato","display_name":"Victoria Nakazato","avatar_url":"https:\/\/secure.gravatar.com\/avatar\/777353b63ed7aa3a641438d77e10a6503e299f630c98e59f7040bf41773c88e3?s=96&d=mm&r=g","1":"","2":"","3":"","4":"","5":"","6":"","7":"","8":""}],"_links":{"self":[{"href":"https:\/\/alternativanikkei.com\/2026\/wp-json\/wp\/v2\/posts\/11049","targetHints":{"allow":["GET"]}}],"collection":[{"href":"https:\/\/alternativanikkei.com\/2026\/wp-json\/wp\/v2\/posts"}],"about":[{"href":"https:\/\/alternativanikkei.com\/2026\/wp-json\/wp\/v2\/types\/post"}],"author":[{"embeddable":true,"href":"https:\/\/alternativanikkei.com\/2026\/wp-json\/wp\/v2\/users\/20"}],"replies":[{"embeddable":true,"href":"https:\/\/alternativanikkei.com\/2026\/wp-json\/wp\/v2\/comments?post=11049"}],"version-history":[{"count":8,"href":"https:\/\/alternativanikkei.com\/2026\/wp-json\/wp\/v2\/posts\/11049\/revisions"}],"predecessor-version":[{"id":11058,"href":"https:\/\/alternativanikkei.com\/2026\/wp-json\/wp\/v2\/posts\/11049\/revisions\/11058"}],"wp:featuredmedia":[{"embeddable":true,"href":"https:\/\/alternativanikkei.com\/2026\/wp-json\/wp\/v2\/media\/11050"}],"wp:attachment":[{"href":"https:\/\/alternativanikkei.com\/2026\/wp-json\/wp\/v2\/media?parent=11049"}],"wp:term":[{"taxonomy":"category","embeddable":true,"href":"https:\/\/alternativanikkei.com\/2026\/wp-json\/wp\/v2\/categories?post=11049"},{"taxonomy":"post_tag","embeddable":true,"href":"https:\/\/alternativanikkei.com\/2026\/wp-json\/wp\/v2\/tags?post=11049"},{"taxonomy":"author","embeddable":true,"href":"https:\/\/alternativanikkei.com\/2026\/wp-json\/wp\/v2\/ppma_author?post=11049"}],"curies":[{"name":"wp","href":"https:\/\/api.w.org\/{rel}","templated":true}]}}