{"id":4,"date":"2014-10-15T15:38:18","date_gmt":"2014-10-15T15:38:18","guid":{"rendered":"http:\/\/themes.tielabs.com\/365news\/?p=4"},"modified":"2026-03-13T19:31:16","modified_gmt":"2026-03-13T22:31:16","slug":"tokyo-1964-el-nuevo-japon-se-proyecta-al-mundo","status":"publish","type":"post","link":"https:\/\/alternativanikkei.com\/2026\/tokyo-1964-el-nuevo-japon-se-proyecta-al-mundo\/","title":{"rendered":"Tokyo 1964: el nuevo Jap\u00f3n se proyecta al mundo"},"content":{"rendered":"<p><strong><em>\u00bfCu\u00e1l era el contexto hist\u00f3rico en que se desarrollaron los Juegos Ol\u00edmpicos en Tokyo? \u00bfPara qu\u00e9 le sirvi\u00f3 a Jap\u00f3n la organizaci\u00f3n de estas olimp\u00edadas? <\/em><\/strong><\/p>\n<p>Durante el mes de octubre de 1964 se celebraron en Tokyo las Olimpiadas de Verano. El acontecimiento marc\u00f3 un hito fundacional al ser la primera vez que las olimpiadas se llevaban a cabo en Asia. Hoy, conmemor\u00e1ndose 50 a\u00f1os desde aquel hist\u00f3rico momento y dentro del marco de los preparativos para los Juegos Ol\u00edmpicos 2020, vale la pena rememorar la coyuntura y situaci\u00f3n que llevaron a la elecci\u00f3n de Jap\u00f3n como naci\u00f3n anfitriona.<\/p>\n<p>La imagen que ten\u00eda el mundo respecto de Jap\u00f3n hasta 1945 se encontraba condicionada, en mayor medida, por el accionar del Imperio del Jap\u00f3n. Luego de la Gran Guerra Asi\u00e1tica, las im\u00e1genes de las ciudades japonesas destruidas por completo recorrieron el mundo entero. Lo cierto es que hasta mediados de los \u201860, poco se supo en el resto del mundo del proceso por el cual atravesaba Jap\u00f3n. No s\u00f3lo los medios de comunicaci\u00f3n de aquel momento carec\u00edan de la masividad con la cual cuentan hoy d\u00eda, sino que Occidente centraba sus ojos en la tensi\u00f3n imperante entre Estados Unidos y la Uni\u00f3n Sovi\u00e9tica, con su epicentro en la Crisis de los Misiles de 1962.<\/p>\n<div id=\"attachment_440\" style=\"width: 235px\" class=\"wp-caption alignleft\"><a href=\"http:\/\/www.alternativanikkei.com\/wp-content\/uploads\/2011\/07\/14-Tokyo-1964-cuadro.jpg\"><img loading=\"lazy\" decoding=\"async\" aria-describedby=\"caption-attachment-440\" class=\"wp-image-440 size-medium\" src=\"http:\/\/www.alternativanikkei.com\/wp-content\/uploads\/2011\/07\/14-Tokyo-1964-cuadro-225x300.jpg\" alt=\"14-Tokyo 1964 cuadro\" width=\"225\" height=\"300\" srcset=\"https:\/\/alternativanikkei.com\/2026\/wp-content\/uploads\/2011\/07\/14-Tokyo-1964-cuadro-225x300.jpg 225w, https:\/\/alternativanikkei.com\/2026\/wp-content\/uploads\/2011\/07\/14-Tokyo-1964-cuadro-600x800.jpg 600w, https:\/\/alternativanikkei.com\/2026\/wp-content\/uploads\/2011\/07\/14-Tokyo-1964-cuadro-768x1024.jpg 768w\" sizes=\"auto, (max-width: 225px) 100vw, 225px\" \/><\/a><p id=\"caption-attachment-440\" class=\"wp-caption-text\">Cuadro que re\u00fane los posters oficiales de los JJ. OO. celebrados en el 64 en la capital japonesa. | Foto gentileza T. Vera del Museo del Deporte \u201cPr\u00edncipe Chcichibu\u201d.<\/p><\/div>\n<p>Luego de la ocupaci\u00f3n estadounidense, Jap\u00f3n ahond\u00f3 sus esfuerzos en la reconstrucci\u00f3n interna. La famosa Doctrina Yoshida prioriz\u00f3 el desarrollo econ\u00f3mico en detrimento de una mayor injerencia en los asuntos internacionales. Los resultados son conocidos por todos: crecimiento econ\u00f3mico de dos cifras, reconstrucci\u00f3n de las ciudades, recomposici\u00f3n de las corporaciones ahora bajo el modelo de \u201c<em>keiretsu<\/em>\u201d, mayor poder adquisitivo de la sociedad japonesa y el despegar en la tecnolog\u00eda de punta. La nueva situaci\u00f3n econ\u00f3mica y los cambios en la pol\u00edtica exterior buscaron proyectar una nueva imagen ante el mundo.<\/p>\n<p><em>De las ciudades japonesas destruidas por la II Guerra Mundial al Estadio Nacional Ol\u00edmpico m\u00e1s moderno del mundo y el primer tren bala T\u014dkaid\u014d Sen, Jap\u00f3n aprovech\u00f3 la organizaci\u00f3n de los JJ. OO. para cambiar su imagen internacional que perdura hasta hoy d\u00eda.<\/em><\/p>\n<p>En 1959 Tokyo fue seleccionada como sede de los Juegos de Verano de 1964. Ese mismo a\u00f1o se iniciaba el ambicioso proyecto para la creaci\u00f3n del tren de alta velocidad. As\u00ed como el mundo hab\u00eda cambiado, Jap\u00f3n tambi\u00e9n lo hab\u00eda hecho. Las Olimpiadas sirvieron como ventana al mundo, proyectando la imagen de un nuevo Jap\u00f3n moderno y avanzado. La prensa internacional retrat\u00f3 a una ciudad radicalmente diferente a como se encontraba en 1945. El Estadio Nacional Ol\u00edmpico era uno de los m\u00e1s modernos del mundo y la recientemente inaugurada l\u00ednea T\u014dkaid\u014d Sen Tokyo \u2013 Osaka le mostr\u00f3 al mundo la coexistencia del Jap\u00f3n tradicional y el moderno con la m\u00edtica imagen del shinkansen y el Monte Fuji a sus espaldas.<\/p>\n<p>Cumpli\u00e9ndose medio siglo de aquel evento y tomando en cuenta el rotundo \u00e9xito de su organizaci\u00f3n, las Olimpiadas sirvieron para que Jap\u00f3n lograse proyectar una imagen renovada ante el mundo. Perduran en la memoria de muchos como la representaci\u00f3n del nuevo Jap\u00f3n, una naci\u00f3n que pronto se posicionar\u00eda como la segunda econom\u00eda mundial y uno de los principales productores globales de bienes industriales. Tokyo 1964 contribuy\u00f3 a la construcci\u00f3n de una imagen internacional que perdura hasta nuestros d\u00edas.<\/p>\n","protected":false},"excerpt":{"rendered":"<p>\u00bfCu\u00e1l era el contexto hist\u00f3rico en que se desarrollaron los Juegos Ol\u00edmpicos en Tokyo? \u00bfPara qu\u00e9 le sirvi\u00f3 a Jap\u00f3n la organizaci\u00f3n de estas olimp\u00edadas? Durante el mes de octubre de 1964 se celebraron en Tokyo las Olimpiadas de Verano. El acontecimiento marc\u00f3 un hito fundacional al ser la primera vez que las olimpiadas se [&hellip;]<\/p>\n","protected":false},"author":6,"featured_media":439,"comment_status":"open","ping_status":"open","sticky":false,"template":"","format":"standard","meta":{"footnotes":""},"categories":[2],"tags":[],"ppma_author":[974],"class_list":["post-4","post","type-post","status-publish","format-standard","has-post-thumbnail","hentry","category-cultura-y-sociedad"],"authors":[{"term_id":974,"user_id":6,"is_guest":0,"slug":"tomas-vera-ziccardi","display_name":"Tom\u00e1s Vera Ziccardi","avatar_url":"https:\/\/secure.gravatar.com\/avatar\/72aa9ba33b35380c1e6cb09427e4262f239ec3833b30fca524d9184e93139f56?s=96&d=mm&r=g","1":"","2":"","3":"","4":"","5":"","6":"","7":"","8":""}],"_links":{"self":[{"href":"https:\/\/alternativanikkei.com\/2026\/wp-json\/wp\/v2\/posts\/4","targetHints":{"allow":["GET"]}}],"collection":[{"href":"https:\/\/alternativanikkei.com\/2026\/wp-json\/wp\/v2\/posts"}],"about":[{"href":"https:\/\/alternativanikkei.com\/2026\/wp-json\/wp\/v2\/types\/post"}],"author":[{"embeddable":true,"href":"https:\/\/alternativanikkei.com\/2026\/wp-json\/wp\/v2\/users\/6"}],"replies":[{"embeddable":true,"href":"https:\/\/alternativanikkei.com\/2026\/wp-json\/wp\/v2\/comments?post=4"}],"version-history":[{"count":2,"href":"https:\/\/alternativanikkei.com\/2026\/wp-json\/wp\/v2\/posts\/4\/revisions"}],"predecessor-version":[{"id":441,"href":"https:\/\/alternativanikkei.com\/2026\/wp-json\/wp\/v2\/posts\/4\/revisions\/441"}],"wp:featuredmedia":[{"embeddable":true,"href":"https:\/\/alternativanikkei.com\/2026\/wp-json\/wp\/v2\/media\/439"}],"wp:attachment":[{"href":"https:\/\/alternativanikkei.com\/2026\/wp-json\/wp\/v2\/media?parent=4"}],"wp:term":[{"taxonomy":"category","embeddable":true,"href":"https:\/\/alternativanikkei.com\/2026\/wp-json\/wp\/v2\/categories?post=4"},{"taxonomy":"post_tag","embeddable":true,"href":"https:\/\/alternativanikkei.com\/2026\/wp-json\/wp\/v2\/tags?post=4"},{"taxonomy":"author","embeddable":true,"href":"https:\/\/alternativanikkei.com\/2026\/wp-json\/wp\/v2\/ppma_author?post=4"}],"curies":[{"name":"wp","href":"https:\/\/api.w.org\/{rel}","templated":true}]}}