{"id":4437,"date":"2016-03-12T12:52:33","date_gmt":"2016-03-12T15:52:33","guid":{"rendered":"http:\/\/alternativanikkei.com\/?p=4437"},"modified":"2016-03-12T12:52:33","modified_gmt":"2016-03-12T15:52:33","slug":"17o-concurso-internacional-de-dibujo-infantil","status":"publish","type":"post","link":"https:\/\/alternativanikkei.com\/2026\/17o-concurso-internacional-de-dibujo-infantil\/","title":{"rendered":"17\u00ba Concurso Internacional de Dibujo Infantil"},"content":{"rendered":"<p><strong>\u201cPara que mejoremos juntos el medio ambiente\u201d<\/strong><\/p>\n<p>Desde el 1 de marzo al 30 de abril, en el horario de 10 a 18 horas, podr\u00e1s participar del concurso de Dibujo Infantil sobre el cuidado del medio ambiente, en el Jard\u00edn Japon\u00e9s. Ya participaron 81 pa\u00edses y Argentina se suma al desaf\u00edo. \u00a1M\u00e1s de 220 mil dibujos ya fueron enviados a Jap\u00f3n y el tuyo puede ser el siguiente!<\/p>\n<p><strong>Participantes:<\/strong><\/p>\n<p>Los participantes deben tener entre 7 y 15 a\u00f1os de edad al 31 de mayo de 2016.<\/p>\n<p><strong>Tema del concurso<\/strong><\/p>\n<p><strong>La consigna es dibujar a los habitantes de la tierra como te imaginas que son.<\/strong><\/p>\n<p>\u201cLa tierra azul, \u00bfpara qui\u00e9n?<\/p>\n<p>La Tierra tiene muchos habitantes.<\/p>\n<p>Animales, insectos, plantas y microorganismos tan peque\u00f1os que no pueden ser vistos a simple vista.<\/p>\n<p>Todos son habitantes de la Tierra\u201d.<\/p>\n<p><strong>Condici\u00f3n primordial del concurso<\/strong><\/p>\n<p>No ser\u00e1n enviados los dibujos con texto ni posters. No deber\u00e1n contener frases, \u00fanicamente dibujos. Para participar deber\u00e1n presentar el pago de la entrada del Jard\u00edn Japon\u00e9s, de al menos un mayor (70$), como cobertura de los gastos del concurso.<\/p>\n<p>El concurso es auspiciado por la Organizaci\u00f3n Japonesa de Aseguramiento de la Calidad (JQA) y la Red de la Organizaci\u00f3n Internacional de Certificaci\u00f3n (IQNet), con el apoyo de UNICEF Tokyo.<\/p>\n<p>&nbsp;<\/p>\n<div id=\"attachment_4438\" style=\"width: 710px\" class=\"wp-caption aligncenter\"><a href=\"http:\/\/alternativanikkei.com\/wp-content\/uploads\/2016\/03\/POSTER-CONCURSO-DE-DIBUJO.jpg\"><img loading=\"lazy\" decoding=\"async\" aria-describedby=\"caption-attachment-4438\" class=\"size-full wp-image-4438\" src=\"http:\/\/alternativanikkei.com\/wp-content\/uploads\/2016\/03\/POSTER-CONCURSO-DE-DIBUJO.jpg\" alt=\"17\u00ba Concurso de Dibujo en el Jard\u00edn Japon\u00e9s\" width=\"700\" height=\"990\" srcset=\"https:\/\/alternativanikkei.com\/2026\/wp-content\/uploads\/2016\/03\/POSTER-CONCURSO-DE-DIBUJO.jpg 700w, https:\/\/alternativanikkei.com\/2026\/wp-content\/uploads\/2016\/03\/POSTER-CONCURSO-DE-DIBUJO-600x849.jpg 600w, https:\/\/alternativanikkei.com\/2026\/wp-content\/uploads\/2016\/03\/POSTER-CONCURSO-DE-DIBUJO-212x300.jpg 212w\" sizes=\"auto, (max-width: 700px) 100vw, 700px\" \/><\/a><p id=\"caption-attachment-4438\" class=\"wp-caption-text\">17\u00ba Concurso de Dibujo en el Jard\u00edn Japon\u00e9s<\/p><\/div>\n<p><strong>El Jard\u00edn Japon\u00e9s de encuentra en Av. Casares y Av. Figueroa Alcorta, CABA.<\/strong><\/p>\n<p><strong>Para m\u00e1s informaci\u00f3n:<\/strong><\/p>\n<p><a href=\"mailto:cultura@jardinjapones.org.ar\">cultura@jardinjapones.org.ar<\/a><\/p>\n","protected":false},"excerpt":{"rendered":"<p>\u201cPara que mejoremos juntos el medio ambiente\u201d Desde el 1 de marzo al 30 de abril, en el horario de 10 a 18 horas, podr\u00e1s participar del concurso de Dibujo Infantil sobre el cuidado del medio ambiente, en el Jard\u00edn Japon\u00e9s. Ya participaron 81 pa\u00edses y Argentina se suma al desaf\u00edo. \u00a1M\u00e1s de 220 mil [&hellip;]<\/p>\n","protected":false},"author":4,"featured_media":4439,"comment_status":"open","ping_status":"open","sticky":false,"template":"","format":"standard","meta":{"footnotes":""},"categories":[31],"tags":[],"ppma_author":[972],"class_list":["post-4437","post","type-post","status-publish","format-standard","has-post-thumbnail","hentry","category-arte-y-literatura"],"authors":[{"term_id":972,"user_id":4,"is_guest":0,"slug":"maria-laura-martelli","display_name":"Lic. Mar\u00eda Laura Martelli Giachino","avatar_url":"https:\/\/secure.gravatar.com\/avatar\/ca3041b1f983dc188886217bd155ccbd55f063e0790871c8922c040c9a311ae7?s=96&d=mm&r=g","1":"","2":"","3":"","4":"","5":"","6":"","7":"","8":""}],"_links":{"self":[{"href":"https:\/\/alternativanikkei.com\/2026\/wp-json\/wp\/v2\/posts\/4437","targetHints":{"allow":["GET"]}}],"collection":[{"href":"https:\/\/alternativanikkei.com\/2026\/wp-json\/wp\/v2\/posts"}],"about":[{"href":"https:\/\/alternativanikkei.com\/2026\/wp-json\/wp\/v2\/types\/post"}],"author":[{"embeddable":true,"href":"https:\/\/alternativanikkei.com\/2026\/wp-json\/wp\/v2\/users\/4"}],"replies":[{"embeddable":true,"href":"https:\/\/alternativanikkei.com\/2026\/wp-json\/wp\/v2\/comments?post=4437"}],"version-history":[{"count":2,"href":"https:\/\/alternativanikkei.com\/2026\/wp-json\/wp\/v2\/posts\/4437\/revisions"}],"predecessor-version":[{"id":4441,"href":"https:\/\/alternativanikkei.com\/2026\/wp-json\/wp\/v2\/posts\/4437\/revisions\/4441"}],"wp:featuredmedia":[{"embeddable":true,"href":"https:\/\/alternativanikkei.com\/2026\/wp-json\/wp\/v2\/media\/4439"}],"wp:attachment":[{"href":"https:\/\/alternativanikkei.com\/2026\/wp-json\/wp\/v2\/media?parent=4437"}],"wp:term":[{"taxonomy":"category","embeddable":true,"href":"https:\/\/alternativanikkei.com\/2026\/wp-json\/wp\/v2\/categories?post=4437"},{"taxonomy":"post_tag","embeddable":true,"href":"https:\/\/alternativanikkei.com\/2026\/wp-json\/wp\/v2\/tags?post=4437"},{"taxonomy":"author","embeddable":true,"href":"https:\/\/alternativanikkei.com\/2026\/wp-json\/wp\/v2\/ppma_author?post=4437"}],"curies":[{"name":"wp","href":"https:\/\/api.w.org\/{rel}","templated":true}]}}