{"id":9255,"date":"2019-11-23T18:00:19","date_gmt":"2019-11-23T21:00:19","guid":{"rendered":"https:\/\/alternativanikkei.com\/?p=9255"},"modified":"2026-03-13T19:35:28","modified_gmt":"2026-03-13T22:35:28","slug":"el-camino-de-la-poesia-contemporanea-japonesa","status":"publish","type":"post","link":"https:\/\/alternativanikkei.com\/2026\/el-camino-de-la-poesia-contemporanea-japonesa\/","title":{"rendered":"El camino de la poes\u00eda contempor\u00e1nea japonesa"},"content":{"rendered":"<p>El movimiento saliente de la poes\u00eda contempor\u00e1nea japonesa es el llamado modernismo japon\u00e9s, que comprende el per\u00edodo entre los a\u00f1os 1925 y 1960.<\/p>\n<p>Este movimiento surgi\u00f3 como una clara manifestaci\u00f3n de rebeld\u00eda contra la poes\u00eda tradicional haiku, tanka y la poes\u00eda de la \u00e9poca Meiji (1868). Tambi\u00e9n se vincula su origen con los ismos europeos, como el cubismo, el futurismo, el dada\u00edsmo y el surrealismo.<\/p>\n<p>Este movimiento en Jap\u00f3n coincidi\u00f3 con la aparici\u00f3n de la revista \u201cPoes\u00eda y teor\u00eda po\u00e9tica\u201d (Shi to Shiron) en el a\u00f1o 1928.<\/p>\n<p>El modernismo japon\u00e9s rechaza rotundamente el lirismo espont\u00e1neo de la poes\u00eda tradicional japonesa. Este movimiento dej\u00f3 huellas muy profundas en los poetas posteriores.<\/p>\n<p>La poes\u00eda japonesa posterior a la derrota de Jap\u00f3n en la segunda guerra mundial estuvo marcada por la vastedad de sentimientos que la contienda dej\u00f3 en el esp\u00edritu japon\u00e9s. Tratan por primera vez en su poes\u00eda de asimilar la realidad hist\u00f3rica.<\/p>\n<p>Luego de la culminaci\u00f3n de la segunda guerra se destac\u00f3 el grupo \u201cLa tierra yerma\u201d (Koochi), formado en 1948. En \u00e9l participaban poetas nacidos entre el 1919 y 1923, tambi\u00e9n llamados lost generation del Jap\u00f3n. A partir de 1951 este grupo empez\u00f3 a publicar una revista anual llamada \u201cColecci\u00f3n de poemas del grupo La tierra Yerma\u201d (koochi-Shishuu).<\/p>\n<p>Los poetas de esa \u00e9poca lucharon por reivindicar la totalidad de la poes\u00eda. Escribieron inspirados en el dolor de la guerra, en la ocupaci\u00f3n norteamericana y contra la bomba at\u00f3mica.<\/p>\n<p>El cambio fue notorio. Antes, los poetas mayormente cantaban a la naturaleza, en cambio ahora se enfrentaban con el rigor de la \u00e9poca moderna y una humanidad en peligro de ser devastada.<\/p>\n<p>Algunos nombres de estos notables poetas son:<\/p>\n<p>Kitagawa, Murano, Kitazono, Haruyama( l\u00edder del movimiento modernista japon\u00e9s), Kondo, Takenaka, Nagashima, Ayukawa, Tamura y Nishimaki, entre otros.<\/p>\n<p>A continuaci\u00f3n, la transcripci\u00f3n de un poema de uno de sus exponentes, Fuyuhiko Kitagawa:<\/p>\n<p><strong><u>LA LUNA INFLAMADA<\/u><\/strong><\/p>\n<p>Peces<\/p>\n<p>Barcos de guerra<\/p>\n<p>Tubos de hierro<\/p>\n<p>Colina negra rojiza<\/p>\n<p>En el horizonte las venas se inflamaban.<\/p>\n<p><strong>\u00a0<\/strong><strong>Por \u00a0JUAN ROBERTO PARRO<\/strong><\/p>\n<div id=\"attachment_9124\" style=\"width: 152px\" class=\"wp-caption alignleft\"><a href=\"https:\/\/alternativanikkei.com\/wp-content\/uploads\/2019\/07\/chica-1.jpg\"><img loading=\"lazy\" decoding=\"async\" aria-describedby=\"caption-attachment-9124\" class=\"size-full wp-image-9124\" src=\"https:\/\/alternativanikkei.com\/wp-content\/uploads\/2019\/07\/chica-1.jpg\" alt=\"\" width=\"142\" height=\"189\" \/><\/a><p id=\"caption-attachment-9124\" class=\"wp-caption-text\">Juan Parro, autor de la nota.<\/p><\/div>\n<p><strong><u>Sobre el autor<\/u><\/strong><\/p>\n<p>JUAN ROBERTO PARRO naci\u00f3 en Buenos Aires en 1965. Es T\u00e9cnico en comunicaci\u00f3n social, periodista y escritor. Es autor de dos libros de poes\u00eda, \u201cEsmaltes en fuga\u201d y \u201cEl acecho de tu nombre\u201d. Colabor\u00f3 con medios literarios del pa\u00eds y del exterior.<\/p>\n","protected":false},"excerpt":{"rendered":"<p>El movimiento saliente de la poes\u00eda contempor\u00e1nea japonesa es el llamado modernismo japon\u00e9s, que comprende el per\u00edodo entre los a\u00f1os 1925 y 1960. Este movimiento surgi\u00f3 como una clara manifestaci\u00f3n de rebeld\u00eda contra la poes\u00eda tradicional haiku, tanka y la poes\u00eda de la \u00e9poca Meiji (1868). Tambi\u00e9n se vincula su origen con los ismos europeos, [&hellip;]<\/p>\n","protected":false},"author":5246,"featured_media":9254,"comment_status":"open","ping_status":"open","sticky":false,"template":"","format":"standard","meta":{"footnotes":""},"categories":[31],"tags":[393,733,732],"ppma_author":[990],"class_list":["post-9255","post","type-post","status-publish","format-standard","has-post-thumbnail","hentry","category-arte-y-literatura","tag-literatura","tag-poesia","tag-poesia-japonesa"],"authors":[{"term_id":990,"user_id":5246,"is_guest":0,"slug":"editorial","display_name":"La Editorial de Alternativa Nikkei","avatar_url":"https:\/\/secure.gravatar.com\/avatar\/1177a61b9b1ffe8584d186f81b737381f97bdc75dff9af03976b9e232fd61980?s=96&d=mm&r=g","1":"","2":"","3":"","4":"","5":"","6":"","7":"","8":""}],"_links":{"self":[{"href":"https:\/\/alternativanikkei.com\/2026\/wp-json\/wp\/v2\/posts\/9255","targetHints":{"allow":["GET"]}}],"collection":[{"href":"https:\/\/alternativanikkei.com\/2026\/wp-json\/wp\/v2\/posts"}],"about":[{"href":"https:\/\/alternativanikkei.com\/2026\/wp-json\/wp\/v2\/types\/post"}],"author":[{"embeddable":true,"href":"https:\/\/alternativanikkei.com\/2026\/wp-json\/wp\/v2\/users\/5246"}],"replies":[{"embeddable":true,"href":"https:\/\/alternativanikkei.com\/2026\/wp-json\/wp\/v2\/comments?post=9255"}],"version-history":[{"count":1,"href":"https:\/\/alternativanikkei.com\/2026\/wp-json\/wp\/v2\/posts\/9255\/revisions"}],"predecessor-version":[{"id":9256,"href":"https:\/\/alternativanikkei.com\/2026\/wp-json\/wp\/v2\/posts\/9255\/revisions\/9256"}],"wp:featuredmedia":[{"embeddable":true,"href":"https:\/\/alternativanikkei.com\/2026\/wp-json\/wp\/v2\/media\/9254"}],"wp:attachment":[{"href":"https:\/\/alternativanikkei.com\/2026\/wp-json\/wp\/v2\/media?parent=9255"}],"wp:term":[{"taxonomy":"category","embeddable":true,"href":"https:\/\/alternativanikkei.com\/2026\/wp-json\/wp\/v2\/categories?post=9255"},{"taxonomy":"post_tag","embeddable":true,"href":"https:\/\/alternativanikkei.com\/2026\/wp-json\/wp\/v2\/tags?post=9255"},{"taxonomy":"author","embeddable":true,"href":"https:\/\/alternativanikkei.com\/2026\/wp-json\/wp\/v2\/ppma_author?post=9255"}],"curies":[{"name":"wp","href":"https:\/\/api.w.org\/{rel}","templated":true}]}}